{"id":1284,"date":"2024-04-04T11:20:08","date_gmt":"2024-04-04T16:20:08","guid":{"rendered":"https:\/\/www.radioeiffel.com\/?p=1284"},"modified":"2024-04-04T11:20:09","modified_gmt":"2024-04-04T16:20:09","slug":"quito-recupera-suministro-de-agua-tras-el-paso-del-aluvion-por-varios-sectores","status":"publish","type":"post","link":"https:\/\/www.radioeiffel.com\/?p=1284","title":{"rendered":"Quito recupera suministro de agua tras el paso del aluvi\u00f3n por varios sectores."},"content":{"rendered":"\n<h2 class=\"wp-block-heading\">La Empresa P\u00fablica Metropolitana de Agua Potable y Saneamiento (EPMAPS) ha comunicado una notable mejora en la distribuci\u00f3n de agua tras abordar los desaf\u00edos de captaci\u00f3n provocados por el aluvi\u00f3n en La Gasca.<\/h2>\n\n\n\n<p>Tras el paso devastador del aluvi\u00f3n por varios sectores de Quito, la ciudad comienza a recuperarse lentamente. A pesar de que el suministro de agua se vio gravemente afectado en 12 vecindarios, los esfuerzos incansables de la Empresa P\u00fablica Metropolitana de Agua Potable de Quito (Epmaps) est\u00e1n dando resultados positivos. Gracias a este trabajo, el n\u00famero de \u00e1reas afectadas se ha reducido a solo cuatro.<\/p>\n\n\n\n<p>La Epmaps ha logrado despejar una de las tres instalaciones de captaci\u00f3n de agua cruda da\u00f1adas por el deslizamiento en La Gasca del 2 de abril. Este importante avance permitir\u00e1 restablecer gradualmente el servicio de agua potable durante el s\u00e1bado 6 de abril. Mientras tanto, para satisfacer las necesidades inmediatas, se est\u00e1n distribuyendo agua potable a los hogares afectados a trav\u00e9s de camiones cisterna.<\/p>\n\n\n\n<p>A medida que contin\u00faan las labores de limpieza y restauraci\u00f3n en la quebrada Rumipamba, los vecindarios afectados, incluyendo Santa Clara de San Mill\u00e1n, San Vicente de las Casas, Comuna y Primavera, podr\u00e1n ver una mejora significativa en sus suministros de agua en los pr\u00f3ximos d\u00edas. La comunidad se une en solidaridad y apoyo mutuo mientras trabajan juntos para superar esta crisis.<\/p>\n<div class=\"pvc_clear\"><\/div><p id=\"pvc_stats_1284\" class=\"pvc_stats all  \" data-element-id=\"1284\" style=\"\"><i class=\"pvc-stats-icon small\" aria-hidden=\"true\"><svg aria-hidden=\"true\" focusable=\"false\" data-prefix=\"far\" data-icon=\"chart-bar\" role=\"img\" xmlns=\"http:\/\/www.w3.org\/2000\/svg\" viewBox=\"0 0 512 512\" class=\"svg-inline--fa fa-chart-bar fa-w-16 fa-2x\"><path fill=\"currentColor\" d=\"M396.8 352h22.4c6.4 0 12.8-6.4 12.8-12.8V108.8c0-6.4-6.4-12.8-12.8-12.8h-22.4c-6.4 0-12.8 6.4-12.8 12.8v230.4c0 6.4 6.4 12.8 12.8 12.8zm-192 0h22.4c6.4 0 12.8-6.4 12.8-12.8V140.8c0-6.4-6.4-12.8-12.8-12.8h-22.4c-6.4 0-12.8 6.4-12.8 12.8v198.4c0 6.4 6.4 12.8 12.8 12.8zm96 0h22.4c6.4 0 12.8-6.4 12.8-12.8V204.8c0-6.4-6.4-12.8-12.8-12.8h-22.4c-6.4 0-12.8 6.4-12.8 12.8v134.4c0 6.4 6.4 12.8 12.8 12.8zM496 400H48V80c0-8.84-7.16-16-16-16H16C7.16 64 0 71.16 0 80v336c0 17.67 14.33 32 32 32h464c8.84 0 16-7.16 16-16v-16c0-8.84-7.16-16-16-16zm-387.2-48h22.4c6.4 0 12.8-6.4 12.8-12.8v-70.4c0-6.4-6.4-12.8-12.8-12.8h-22.4c-6.4 0-12.8 6.4-12.8 12.8v70.4c0 6.4 6.4 12.8 12.8 12.8z\" class=\"\"><\/path><\/svg><\/i> <img decoding=\"async\" width=\"16\" height=\"16\" alt=\"Loading\" src=\"https:\/\/www.radioeiffel.com\/wp-content\/plugins\/page-views-count\/ajax-loader-2x.gif\" border=0 \/><\/p><div class=\"pvc_clear\"><\/div>","protected":false},"excerpt":{"rendered":"<p>La Empresa P\u00fablica Metropolitana de Agua Potable y Saneamiento (EPMAPS) ha comunicado una notable mejora en la distribuci\u00f3n de agua tras abordar los desaf\u00edos de captaci\u00f3n provocados por el aluvi\u00f3n&hellip;<\/p>\n<div class=\"pvc_clear\"><\/div>\n<p id=\"pvc_stats_1284\" class=\"pvc_stats all  \" data-element-id=\"1284\" style=\"\"><i class=\"pvc-stats-icon small\" aria-hidden=\"true\"><svg aria-hidden=\"true\" focusable=\"false\" data-prefix=\"far\" data-icon=\"chart-bar\" role=\"img\" xmlns=\"http:\/\/www.w3.org\/2000\/svg\" viewBox=\"0 0 512 512\" class=\"svg-inline--fa fa-chart-bar fa-w-16 fa-2x\"><path fill=\"currentColor\" d=\"M396.8 352h22.4c6.4 0 12.8-6.4 12.8-12.8V108.8c0-6.4-6.4-12.8-12.8-12.8h-22.4c-6.4 0-12.8 6.4-12.8 12.8v230.4c0 6.4 6.4 12.8 12.8 12.8zm-192 0h22.4c6.4 0 12.8-6.4 12.8-12.8V140.8c0-6.4-6.4-12.8-12.8-12.8h-22.4c-6.4 0-12.8 6.4-12.8 12.8v198.4c0 6.4 6.4 12.8 12.8 12.8zm96 0h22.4c6.4 0 12.8-6.4 12.8-12.8V204.8c0-6.4-6.4-12.8-12.8-12.8h-22.4c-6.4 0-12.8 6.4-12.8 12.8v134.4c0 6.4 6.4 12.8 12.8 12.8zM496 400H48V80c0-8.84-7.16-16-16-16H16C7.16 64 0 71.16 0 80v336c0 17.67 14.33 32 32 32h464c8.84 0 16-7.16 16-16v-16c0-8.84-7.16-16-16-16zm-387.2-48h22.4c6.4 0 12.8-6.4 12.8-12.8v-70.4c0-6.4-6.4-12.8-12.8-12.8h-22.4c-6.4 0-12.8 6.4-12.8 12.8v70.4c0 6.4 6.4 12.8 12.8 12.8z\" class=\"\"><\/path><\/svg><\/i> <img decoding=\"async\" width=\"16\" height=\"16\" alt=\"Loading\" src=\"https:\/\/www.radioeiffel.com\/wp-content\/plugins\/page-views-count\/ajax-loader-2x.gif\" border=0 \/><\/p>\n<div class=\"pvc_clear\"><\/div>\n","protected":false},"author":3,"featured_media":1285,"comment_status":"open","ping_status":"closed","sticky":false,"template":"","format":"standard","meta":{"_joinchat":[],"footnotes":""},"categories":[1],"tags":[],"class_list":["post-1284","post","type-post","status-publish","format-standard","has-post-thumbnail","hentry","category-noticias"],"_links":{"self":[{"href":"https:\/\/www.radioeiffel.com\/index.php?rest_route=\/wp\/v2\/posts\/1284"}],"collection":[{"href":"https:\/\/www.radioeiffel.com\/index.php?rest_route=\/wp\/v2\/posts"}],"about":[{"href":"https:\/\/www.radioeiffel.com\/index.php?rest_route=\/wp\/v2\/types\/post"}],"author":[{"embeddable":true,"href":"https:\/\/www.radioeiffel.com\/index.php?rest_route=\/wp\/v2\/users\/3"}],"replies":[{"embeddable":true,"href":"https:\/\/www.radioeiffel.com\/index.php?rest_route=%2Fwp%2Fv2%2Fcomments&post=1284"}],"version-history":[{"count":1,"href":"https:\/\/www.radioeiffel.com\/index.php?rest_route=\/wp\/v2\/posts\/1284\/revisions"}],"predecessor-version":[{"id":1286,"href":"https:\/\/www.radioeiffel.com\/index.php?rest_route=\/wp\/v2\/posts\/1284\/revisions\/1286"}],"wp:featuredmedia":[{"embeddable":true,"href":"https:\/\/www.radioeiffel.com\/index.php?rest_route=\/wp\/v2\/media\/1285"}],"wp:attachment":[{"href":"https:\/\/www.radioeiffel.com\/index.php?rest_route=%2Fwp%2Fv2%2Fmedia&parent=1284"}],"wp:term":[{"taxonomy":"category","embeddable":true,"href":"https:\/\/www.radioeiffel.com\/index.php?rest_route=%2Fwp%2Fv2%2Fcategories&post=1284"},{"taxonomy":"post_tag","embeddable":true,"href":"https:\/\/www.radioeiffel.com\/index.php?rest_route=%2Fwp%2Fv2%2Ftags&post=1284"}],"curies":[{"name":"wp","href":"https:\/\/api.w.org\/{rel}","templated":true}]}}